{"id":7115,"date":"2024-09-19T21:37:38","date_gmt":"2024-09-19T19:37:38","guid":{"rendered":"https:\/\/nordicscience.de\/institut\/?p=7115"},"modified":"2025-06-04T16:12:03","modified_gmt":"2025-06-04T14:12:03","slug":"tageslicht-in-der-rehabilitation-von-sportverletzungen","status":"publish","type":"post","link":"https:\/\/nordicscience.de\/institut\/blog\/tageslicht-in-der-rehabilitation-von-sportverletzungen\/","title":{"rendered":""},"content":{"rendered":"<p>\n<div class=\"fusion-fullwidth fullwidth-box fusion-builder-row-1 fusion-flex-container nonhundred-percent-fullwidth non-hundred-percent-height-scrolling\" style=\"--awb-border-radius-top-left:0px;--awb-border-radius-top-right:0px;--awb-border-radius-bottom-right:0px;--awb-border-radius-bottom-left:0px;--awb-padding-top:0px;--awb-padding-right:0px;--awb-padding-bottom:0px;--awb-padding-left:0px;--awb-margin-top:0px;--awb-margin-bottom:0px;--awb-flex-wrap:wrap;\" ><div class=\"fusion-builder-row fusion-row fusion-flex-align-items-flex-start fusion-flex-content-wrap\" style=\"max-width:1216.8px;margin-left: calc(-4% \/ 2 );margin-right: calc(-4% \/ 2 );\"><div class=\"fusion-layout-column fusion_builder_column fusion-builder-column-0 fusion_builder_column_1_1 1_1 fusion-flex-column fusion-flex-align-self-flex-start\" style=\"--awb-padding-right-small:25px;--awb-padding-left-small:20px;--awb-bg-size:cover;--awb-width-large:100%;--awb-margin-top-large:0px;--awb-spacing-right-large:1.92%;--awb-margin-bottom-large:0px;--awb-spacing-left-large:1.92%;--awb-width-medium:100%;--awb-order-medium:0;--awb-spacing-right-medium:1.92%;--awb-spacing-left-medium:1.92%;--awb-width-small:100%;--awb-order-small:0;--awb-spacing-right-small:0%;--awb-spacing-left-small:0%;\"><div class=\"fusion-column-wrapper fusion-column-has-shadow fusion-flex-justify-content-flex-start fusion-content-layout-column\"><div class=\"fusion-text fusion-text-1 fusion-text-no-margin\" style=\"--awb-text-color:#000000;--awb-margin-top:0px;--awb-margin-right:0px;--awb-margin-bottom:0px;--awb-margin-left:0px;\"><h3 class=\"fusion-responsive-typography-calculated\" style=\"--fontsize: 24; --minfontsize: 24; line-height: 30px;\" data-fontsize=\"24\" data-lineheight=\"52.8px\" data-fusion-font=\"true\">Warum die Verbindung von Tageslicht und Sportverletzungen?<\/h3>\n<p>Sportverletzungen sind nicht nur eine physische Herausforderung f\u00fcr Athleten, sondern beeinflussen auch die mentale und emotionale Gesundheit erheblich. In der Rehabilitation von Sportverletzungen spielen viele Faktoren eine Rolle, die wir in unserer Therapieplanung beachten, darunter \u00dcbungsauswahl, Trainingsbelastung, Geweberegeneration, Schlafqualit\u00e4t und das <a href=\"https:\/\/nordicscience.de\/institut\/blog\/mindsets-in-der-therapie-von-sportverletzungen\/\">Mindset zur Therapie<\/a>. Ein oft untersch\u00e4tzter, aber zunehmend wichtiger Aspekt in diesem Prozess ist die Exposition gegen\u00fcber Tageslicht. <strong>Warum?<\/strong><\/p>\n<ol>\n<li>Tageslicht ist kostenlos und frei verf\u00fcgbar. Ob w\u00e4hrend des Trainings oder im Alltag des Sportlers.<\/li>\n<li>Tageslicht beeinflusst nicht nur die Vitamin-D-Synthese, sondern hat weitreichende Auswirkungen auf zirkadiane Rhythmen, hormonelle Regulation, kognitive Prozesse und die emotionale Befindlichkeit.<\/li>\n<li>Tageslicht ist zwar frei verf\u00fcgbar, Menschen halten sich im Rahmen der Urbanisierung, Globalisierung und Digitalisierung jedoch immer mehr in Innenr\u00e4umen auf <sup>[1,2]<\/sup>.<\/li>\n<\/ol>\n<p>In diesem Beitrag beschreiben wir, wie Tageslicht \u2013 sowohl in Form von nat\u00fcrlichem als auch k\u00fcnstlichem Licht \u2013 als unterst\u00fctzende Therapie in der Rehabilitation von Sportverletzungen eingesetzt werden kann und welche wissenschaftlichen Erkenntnisse dieses Potenzial st\u00fctzen.<\/p>\n<\/div><\/div><\/div><div class=\"fusion-layout-column fusion_builder_column fusion-builder-column-1 fusion_builder_column_1_2 1_2 fusion-flex-column fusion-flex-align-self-flex-start\" style=\"--awb-padding-right-small:25px;--awb-padding-left-small:20px;--awb-bg-size:cover;--awb-width-large:50%;--awb-margin-top-large:0px;--awb-spacing-right-large:3.84%;--awb-margin-bottom-large:0px;--awb-spacing-left-large:3.84%;--awb-width-medium:100%;--awb-order-medium:0;--awb-spacing-right-medium:1.92%;--awb-spacing-left-medium:1.92%;--awb-width-small:100%;--awb-order-small:1;--awb-spacing-right-small:0%;--awb-spacing-left-small:0%;\"><div class=\"fusion-column-wrapper fusion-column-has-shadow fusion-flex-justify-content-flex-start fusion-content-layout-column\"><div class=\"fusion-image-element \" style=\"--awb-caption-title-font-family:var(--h2_typography-font-family);--awb-caption-title-font-weight:var(--h2_typography-font-weight);--awb-caption-title-font-style:var(--h2_typography-font-style);--awb-caption-title-size:var(--h2_typography-font-size);--awb-caption-title-transform:var(--h2_typography-text-transform);--awb-caption-title-line-height:var(--h2_typography-line-height);--awb-caption-title-letter-spacing:var(--h2_typography-letter-spacing);\"><span class=\" fusion-imageframe imageframe-none imageframe-1 hover-type-none\"><a class=\"fusion-no-lightbox\" href=\"https:\/\/doi.org\/10.47206\/ijsc.v4i1.299\" target=\"_blank\" aria-label=\"daylight\" rel=\"noopener noreferrer\"><img decoding=\"async\" width=\"904\" height=\"502\" src=\"https:\/\/nordicscience.de\/institut\/wp-content\/uploads\/2024\/09\/daylight.jpg\" data-orig-src=\"https:\/\/nordicscience.de\/institut\/wp-content\/uploads\/2024\/09\/daylight.jpg\" alt class=\"lazyload img-responsive wp-image-7120\" srcset=\"data:image\/svg+xml,%3Csvg%20xmlns%3D%27http%3A%2F%2Fwww.w3.org%2F2000%2Fsvg%27%20width%3D%27904%27%20height%3D%27502%27%20viewBox%3D%270%200%20904%20502%27%3E%3Crect%20width%3D%27904%27%20height%3D%27502%27%20fill-opacity%3D%220%22%2F%3E%3C%2Fsvg%3E\" data-srcset=\"https:\/\/nordicscience.de\/institut\/wp-content\/uploads\/2024\/09\/daylight-200x111.jpg 200w, https:\/\/nordicscience.de\/institut\/wp-content\/uploads\/2024\/09\/daylight-400x222.jpg 400w, https:\/\/nordicscience.de\/institut\/wp-content\/uploads\/2024\/09\/daylight-600x333.jpg 600w, https:\/\/nordicscience.de\/institut\/wp-content\/uploads\/2024\/09\/daylight-800x444.jpg 800w, https:\/\/nordicscience.de\/institut\/wp-content\/uploads\/2024\/09\/daylight.jpg 904w\" data-sizes=\"auto\" data-orig-sizes=\"(max-width: 1024px) 100vw, (max-width: 640px) 100vw, 600px\" \/><\/a><\/span><\/div><div class=\"fusion-text fusion-text-2 fusion-text-no-margin\" style=\"--awb-text-color:#000000;--awb-margin-top:0px;--awb-margin-right:0px;--awb-margin-bottom:0px;--awb-margin-left:0px;\"><h3><strong>Der erste Gedanke bei Tageslicht: Vitamin D hilft!<\/strong><\/h3>\n<p>Tageslicht ist seit langem als wesentlicher Faktor f\u00fcr die menschliche Gesundheit anerkannt. Das Spektrum des Tageslichts, insbesondere das UV-B-Spektrum, f\u00f6rdert die Synthese von Vitamin D in der Haut, welches f\u00fcr die Knochengesundheit, die Immunfunktion und die Regulation von Muskelprozessen unerl\u00e4sslich ist <sup>[3]<\/sup>. Vitamin D-Mangel ist weltweit verbreitet und betrifft besonders Sportler, da sie aufgrund des erh\u00f6hten Energiebedarfs und der intensiven k\u00f6rperlichen Belastung einen h\u00f6heren Bedarf an Vitamin D haben <sup>[4]<\/sup>. Vitamin D f\u00f6rdert nicht nur die Muskelregeneration, sondern senkt auch das Verletzungsrisiko, indem es die Knochenfestigkeit und die Funktion des neuromuskul\u00e4ren Systems unterst\u00fctzt <sup>[5]<\/sup>.<\/p>\n<\/div><\/div><\/div><div class=\"fusion-layout-column fusion_builder_column fusion-builder-column-2 fusion_builder_column_1_2 1_2 fusion-flex-column fusion-flex-align-self-flex-start\" style=\"--awb-padding-right-small:60px;--awb-padding-left-small:60px;--awb-bg-size:cover;--awb-width-large:50%;--awb-margin-top-large:0px;--awb-spacing-right-large:3.84%;--awb-margin-bottom-large:0px;--awb-spacing-left-large:3.84%;--awb-width-medium:100%;--awb-order-medium:0;--awb-spacing-right-medium:1.92%;--awb-spacing-left-medium:1.92%;--awb-width-small:100%;--awb-order-small:11;--awb-spacing-right-small:0%;--awb-spacing-left-small:0%;\"><div class=\"fusion-column-wrapper fusion-column-has-shadow fusion-flex-justify-content-flex-start fusion-content-layout-column\"><\/div><\/div><div class=\"fusion-layout-column fusion_builder_column fusion-builder-column-3 fusion_builder_column_1_1 1_1 fusion-flex-column fusion-flex-align-self-flex-start\" style=\"--awb-padding-right-small:25px;--awb-padding-left-small:20px;--awb-bg-size:cover;--awb-width-large:100%;--awb-margin-top-large:0px;--awb-spacing-right-large:1.92%;--awb-margin-bottom-large:0px;--awb-spacing-left-large:1.92%;--awb-width-medium:100%;--awb-order-medium:0;--awb-spacing-right-medium:1.92%;--awb-spacing-left-medium:1.92%;--awb-width-small:100%;--awb-order-small:1;--awb-spacing-right-small:0%;--awb-spacing-left-small:0%;\"><div class=\"fusion-column-wrapper fusion-column-has-shadow fusion-flex-justify-content-flex-start fusion-content-layout-column\"><div class=\"fusion-text fusion-text-3 fusion-text-no-margin\" style=\"--awb-text-color:#000000;--awb-margin-top:0px;--awb-margin-right:0px;--awb-margin-bottom:0px;--awb-margin-left:0px;\"><p>In der Rehabilitation von Sportverletzungen hat die regelm\u00e4\u00dfige Sonnenlichtexposition potenziell positive Auswirkungen auf die Heilung und das Wohlbefinden der Athleten. 10 Tage Training mit nat\u00fcrlichem Tageslicht zeigen \u00e4hnliche Effekte auf den Vitamin-D-Spiegel und die k\u00f6rperliche Leistungsf\u00e4higkeit wie eine 6 Wochen hochdosierte Vitamin-D-Supplementierung <sup>[6]<\/sup>.<\/p>\n<\/div><\/div><\/div><div class=\"fusion-layout-column fusion_builder_column fusion-builder-column-4 fusion_builder_column_1_1 1_1 fusion-flex-column fusion-flex-align-self-flex-start\" style=\"--awb-padding-right-small:25px;--awb-padding-left-small:20px;--awb-bg-size:cover;--awb-width-large:100%;--awb-margin-top-large:0px;--awb-spacing-right-large:1.92%;--awb-margin-bottom-large:0px;--awb-spacing-left-large:1.92%;--awb-width-medium:100%;--awb-order-medium:0;--awb-spacing-right-medium:1.92%;--awb-spacing-left-medium:1.92%;--awb-width-small:100%;--awb-order-small:3;--awb-spacing-right-small:0%;--awb-spacing-left-small:0%;\"><div class=\"fusion-column-wrapper fusion-column-has-shadow fusion-flex-justify-content-flex-start fusion-content-layout-column\"><div class=\"fusion-text fusion-text-4 fusion-text-no-margin\" style=\"--awb-text-color:#000000;--awb-margin-top:0px;--awb-margin-right:0px;--awb-margin-bottom:0px;--awb-margin-left:0px;\"><h3 class=\"fusion-responsive-typography-calculated\" style=\"--fontsize: 24; --minfontsize: 24; line-height: 30px;\" data-fontsize=\"24\" data-lineheight=\"52.8px\" data-fusion-font=\"true\">Der zweite Gedanke: Tageslicht, Sonnenlicht, echt oder k\u00fcnstlich?<\/h3>\n<p>Auch wenn die Studienlage zu den Auswirkungen verschiedener Lichtarten auf die Verletzungsrehabilitation sehr d\u00fcnn ist, kann doch folgendes festgehalten werden:<\/p>\n<ul>\n<li>Die Lichtexposition muss nicht mit direktem Sonnenlicht stattfinden, zeigt somit auch bei wolkigem Himmel \u00e4hnliche Ergebnisse, die zudem auch mit k\u00fcnstlichem Tageslicht reproduziert werden k\u00f6nnen <sup>[7,8]<\/sup>.<\/li>\n<li>Wenn wir aber von den psychologischen Anpassungen sprechen ist echtes, direktes Sonnenlicht im Vorteil, da es durch den \u201enatural-is-better\u201c-Bias und die zus\u00e4tzlich wahrgenomme W\u00e4rme andere Effekte zeigt <sup>[9]<\/sup>.<\/li>\n<\/ul>\n<\/div><\/div><\/div><div class=\"fusion-layout-column fusion_builder_column fusion-builder-column-5 fusion_builder_column_1_1 1_1 fusion-flex-column fusion-flex-align-self-flex-start\" style=\"--awb-padding-right-small:25px;--awb-padding-left-small:20px;--awb-bg-size:cover;--awb-width-large:100%;--awb-margin-top-large:0px;--awb-spacing-right-large:1.92%;--awb-margin-bottom-large:0px;--awb-spacing-left-large:1.92%;--awb-width-medium:100%;--awb-order-medium:0;--awb-spacing-right-medium:1.92%;--awb-spacing-left-medium:1.92%;--awb-width-small:100%;--awb-order-small:6;--awb-spacing-right-small:0%;--awb-spacing-left-small:0%;\"><div class=\"fusion-column-wrapper fusion-column-has-shadow fusion-flex-justify-content-flex-start fusion-content-layout-column\"><div class=\"fusion-image-element \" style=\"text-align:center;--awb-margin-top:15px;--awb-margin-bottom:15px;--awb-max-width:80px;--awb-caption-title-font-family:var(--h2_typography-font-family);--awb-caption-title-font-weight:var(--h2_typography-font-weight);--awb-caption-title-font-style:var(--h2_typography-font-style);--awb-caption-title-size:var(--h2_typography-font-size);--awb-caption-title-transform:var(--h2_typography-text-transform);--awb-caption-title-line-height:var(--h2_typography-line-height);--awb-caption-title-letter-spacing:var(--h2_typography-letter-spacing);\"><span class=\" fusion-imageframe imageframe-none imageframe-2 hover-type-none\"><img decoding=\"async\" width=\"500\" height=\"80\" title=\"Nordic_Fitness_Nadel\" src=\"https:\/\/nordicscience.de\/institut\/wp-content\/uploads\/2021\/10\/Nordic_Fitness_Nadel.png\" data-orig-src=\"https:\/\/nordicscience.de\/institut\/wp-content\/uploads\/2021\/10\/Nordic_Fitness_Nadel.png\" alt class=\"lazyload img-responsive wp-image-2682\" srcset=\"data:image\/svg+xml,%3Csvg%20xmlns%3D%27http%3A%2F%2Fwww.w3.org%2F2000%2Fsvg%27%20width%3D%27500%27%20height%3D%2780%27%20viewBox%3D%270%200%20500%2080%27%3E%3Crect%20width%3D%27500%27%20height%3D%2780%27%20fill-opacity%3D%220%22%2F%3E%3C%2Fsvg%3E\" data-srcset=\"https:\/\/nordicscience.de\/institut\/wp-content\/uploads\/2021\/10\/Nordic_Fitness_Nadel-200x32.png 200w, https:\/\/nordicscience.de\/institut\/wp-content\/uploads\/2021\/10\/Nordic_Fitness_Nadel-400x64.png 400w, https:\/\/nordicscience.de\/institut\/wp-content\/uploads\/2021\/10\/Nordic_Fitness_Nadel.png 500w\" data-sizes=\"auto\" data-orig-sizes=\"(max-width: 1024px) 100vw, (max-width: 640px) 100vw, 500px\" \/><\/span><\/div><\/div><\/div><div class=\"fusion-layout-column fusion_builder_column fusion-builder-column-6 fusion_builder_column_1_1 1_1 fusion-flex-column fusion-flex-align-self-flex-start\" style=\"--awb-padding-right-small:25px;--awb-padding-left-small:20px;--awb-bg-size:cover;--awb-width-large:100%;--awb-margin-top-large:0px;--awb-spacing-right-large:1.92%;--awb-margin-bottom-large:0px;--awb-spacing-left-large:1.92%;--awb-width-medium:100%;--awb-order-medium:0;--awb-spacing-right-medium:1.92%;--awb-spacing-left-medium:1.92%;--awb-width-small:100%;--awb-order-small:5;--awb-spacing-right-small:0%;--awb-spacing-left-small:0%;\"><div class=\"fusion-column-wrapper fusion-column-has-shadow fusion-flex-justify-content-flex-start fusion-content-layout-column\"><div class=\"fusion-text fusion-text-5 fusion-text-no-margin\" style=\"--awb-text-color:#000000;--awb-margin-top:0px;--awb-margin-right:0px;--awb-margin-bottom:0px;--awb-margin-left:0px;\"><h3 class=\"fusion-responsive-typography-calculated\" style=\"--fontsize: 24; --minfontsize: 24; line-height: 30px;\" data-fontsize=\"24\" data-lineheight=\"52.8px\" data-fusion-font=\"true\">Der Mechanismus: Wie wirkt Tageslicht nun bei Verletzungen?<\/h3>\n<\/div><\/div><\/div><div class=\"fusion-layout-column fusion_builder_column fusion-builder-column-7 fusion_builder_column_1_1 1_1 fusion-flex-column fusion-flex-align-self-flex-start\" style=\"--awb-padding-right-small:25px;--awb-padding-left-small:20px;--awb-bg-size:cover;--awb-width-large:100%;--awb-margin-top-large:0px;--awb-spacing-right-large:1.92%;--awb-margin-bottom-large:0px;--awb-spacing-left-large:1.92%;--awb-width-medium:100%;--awb-order-medium:0;--awb-spacing-right-medium:1.92%;--awb-spacing-left-medium:1.92%;--awb-width-small:100%;--awb-order-small:8;--awb-spacing-right-small:0%;--awb-spacing-left-small:0%;\"><div class=\"fusion-column-wrapper fusion-column-has-shadow fusion-flex-justify-content-flex-start fusion-content-layout-column\"><div class=\"fusion-text fusion-text-6 fusion-text-no-margin\" style=\"--awb-text-color:#000000;--awb-margin-top:0px;--awb-margin-right:0px;--awb-margin-bottom:0px;--awb-margin-left:0px;\"><h4><strong>Psychologische und kognitive Prozesse<\/strong><\/h4>\n<p>Verletzungen haben oft tiefgreifende Auswirkungen auf die psychische Gesundheit von Athleten. Studien zeigen, dass viele Sportler nach einer Verletzung mit Depressionen, \u00c4ngsten und vermindertem Selbstvertrauen zu k\u00e4mpfen haben <sup>[10,11]<\/sup>. Diese negativen psychologischen Zust\u00e4nde k\u00f6nnen den Heilungsprozess verlangsamen und das Risiko von Folgeverletzungen erh\u00f6hen <sup>[12]<\/sup>. Hier kann Tageslicht eine entscheidende Rolle spielen.<\/p>\n<p>Licht beeinflusst direkt das emotionale Wohlbefinden, indem es neurobiologische Prozesse im Gehirn aktiviert. Speziell die Exposition gegen\u00fcber Licht im blauen Spektrum hat sich als besonders wirksam bei der Regulierung der Stimmung erwiesen, indem sie Bereiche des Gehirns aktiviert, die mit der emotionalen Verarbeitung verbunden sind <sup>[13]<\/sup>. Diese Erkenntnisse wurden in der Praxis bereits durch den Einsatz von Lichttherapie bei der Behandlung von Depressionen und Angstst\u00f6rungen erfolgreich genutzt. Daher l\u00e4sst sich schlie\u00dfen, dass eine gesteigerte Exposition gegen\u00fcber Tageslicht \u2013 insbesondere w\u00e4hrend der Rehabilitation \u2013 positive Auswirkungen auf die emotionale Stabilit\u00e4t von Sportlern haben k\u00f6nnte.<\/p>\n<\/div><\/div><\/div><div class=\"fusion-layout-column fusion_builder_column fusion-builder-column-8 fusion_builder_column_1_1 1_1 fusion-flex-column fusion-flex-align-self-flex-start\" style=\"--awb-padding-right-small:25px;--awb-padding-left-small:20px;--awb-bg-size:cover;--awb-width-large:100%;--awb-margin-top-large:0px;--awb-spacing-right-large:1.92%;--awb-margin-bottom-large:0px;--awb-spacing-left-large:1.92%;--awb-width-medium:100%;--awb-order-medium:0;--awb-spacing-right-medium:1.92%;--awb-spacing-left-medium:1.92%;--awb-width-small:100%;--awb-order-small:9;--awb-spacing-right-small:0%;--awb-spacing-left-small:0%;\"><div class=\"fusion-column-wrapper fusion-column-has-shadow fusion-flex-justify-content-flex-start fusion-content-layout-column\"><div class=\"fusion-image-element \" style=\"text-align:center;--awb-margin-top:15px;--awb-margin-bottom:15px;--awb-max-width:80px;--awb-caption-title-font-family:var(--h2_typography-font-family);--awb-caption-title-font-weight:var(--h2_typography-font-weight);--awb-caption-title-font-style:var(--h2_typography-font-style);--awb-caption-title-size:var(--h2_typography-font-size);--awb-caption-title-transform:var(--h2_typography-text-transform);--awb-caption-title-line-height:var(--h2_typography-line-height);--awb-caption-title-letter-spacing:var(--h2_typography-letter-spacing);\"><span class=\" fusion-imageframe imageframe-none imageframe-3 hover-type-none\"><img decoding=\"async\" width=\"500\" height=\"80\" title=\"Nordic_Fitness_Nadel\" src=\"https:\/\/nordicscience.de\/institut\/wp-content\/uploads\/2021\/10\/Nordic_Fitness_Nadel.png\" data-orig-src=\"https:\/\/nordicscience.de\/institut\/wp-content\/uploads\/2021\/10\/Nordic_Fitness_Nadel.png\" alt class=\"lazyload img-responsive wp-image-2682\" srcset=\"data:image\/svg+xml,%3Csvg%20xmlns%3D%27http%3A%2F%2Fwww.w3.org%2F2000%2Fsvg%27%20width%3D%27500%27%20height%3D%2780%27%20viewBox%3D%270%200%20500%2080%27%3E%3Crect%20width%3D%27500%27%20height%3D%2780%27%20fill-opacity%3D%220%22%2F%3E%3C%2Fsvg%3E\" data-srcset=\"https:\/\/nordicscience.de\/institut\/wp-content\/uploads\/2021\/10\/Nordic_Fitness_Nadel-200x32.png 200w, https:\/\/nordicscience.de\/institut\/wp-content\/uploads\/2021\/10\/Nordic_Fitness_Nadel-400x64.png 400w, https:\/\/nordicscience.de\/institut\/wp-content\/uploads\/2021\/10\/Nordic_Fitness_Nadel.png 500w\" data-sizes=\"auto\" data-orig-sizes=\"(max-width: 1024px) 100vw, (max-width: 640px) 100vw, 500px\" \/><\/span><\/div><\/div><\/div><div class=\"fusion-layout-column fusion_builder_column fusion-builder-column-9 fusion_builder_column_1_3 1_3 fusion-flex-column fusion-flex-align-self-flex-start\" style=\"--awb-padding-right-small:60px;--awb-padding-left-small:60px;--awb-bg-size:cover;--awb-width-large:33.3333333333%;--awb-margin-top-large:0px;--awb-spacing-right-large:5.76%;--awb-margin-bottom-large:0px;--awb-spacing-left-large:5.76%;--awb-width-medium:100%;--awb-order-medium:0;--awb-spacing-right-medium:1.92%;--awb-spacing-left-medium:1.92%;--awb-width-small:100%;--awb-order-small:11;--awb-spacing-right-small:0%;--awb-spacing-left-small:0%;\"><div class=\"fusion-column-wrapper fusion-column-has-shadow fusion-flex-justify-content-flex-start fusion-content-layout-column\"><div class=\"fusion-image-element \" style=\"--awb-caption-title-font-family:var(--h2_typography-font-family);--awb-caption-title-font-weight:var(--h2_typography-font-weight);--awb-caption-title-font-style:var(--h2_typography-font-style);--awb-caption-title-size:var(--h2_typography-font-size);--awb-caption-title-transform:var(--h2_typography-text-transform);--awb-caption-title-line-height:var(--h2_typography-line-height);--awb-caption-title-letter-spacing:var(--h2_typography-letter-spacing);\"><span class=\" fusion-imageframe imageframe-none imageframe-4 hover-type-none\"><a href=\"https:\/\/nordicscience.de\/institut\/wp-content\/uploads\/2024\/09\/circadian-clock.jpg\" class=\"fusion-lightbox\" data-rel=\"iLightbox[1478cf3d82fa7473d8d]\" data-title=\"circadian clock\" title=\"circadian clock\"><img decoding=\"async\" width=\"779\" height=\"697\" src=\"https:\/\/nordicscience.de\/institut\/wp-content\/uploads\/2024\/09\/circadian-clock.jpg\" data-orig-src=\"https:\/\/nordicscience.de\/institut\/wp-content\/uploads\/2024\/09\/circadian-clock.jpg\" alt class=\"lazyload img-responsive wp-image-7139\" srcset=\"data:image\/svg+xml,%3Csvg%20xmlns%3D%27http%3A%2F%2Fwww.w3.org%2F2000%2Fsvg%27%20width%3D%27779%27%20height%3D%27697%27%20viewBox%3D%270%200%20779%20697%27%3E%3Crect%20width%3D%27779%27%20height%3D%27697%27%20fill-opacity%3D%220%22%2F%3E%3C%2Fsvg%3E\" data-srcset=\"https:\/\/nordicscience.de\/institut\/wp-content\/uploads\/2024\/09\/circadian-clock-200x179.jpg 200w, https:\/\/nordicscience.de\/institut\/wp-content\/uploads\/2024\/09\/circadian-clock-400x358.jpg 400w, https:\/\/nordicscience.de\/institut\/wp-content\/uploads\/2024\/09\/circadian-clock-600x537.jpg 600w, https:\/\/nordicscience.de\/institut\/wp-content\/uploads\/2024\/09\/circadian-clock.jpg 779w\" data-sizes=\"auto\" data-orig-sizes=\"(max-width: 1024px) 100vw, (max-width: 640px) 100vw, 400px\" \/><\/a><\/span><\/div><\/div><\/div><div class=\"fusion-layout-column fusion_builder_column fusion-builder-column-10 fusion_builder_column_2_3 2_3 fusion-flex-column fusion-flex-align-self-flex-start\" style=\"--awb-padding-right-small:25px;--awb-padding-left-small:20px;--awb-bg-size:cover;--awb-width-large:66.6666666667%;--awb-margin-top-large:0px;--awb-spacing-right-large:2.88%;--awb-margin-bottom-large:0px;--awb-spacing-left-large:2.88%;--awb-width-medium:100%;--awb-order-medium:0;--awb-spacing-right-medium:1.92%;--awb-spacing-left-medium:1.92%;--awb-width-small:100%;--awb-order-small:12;--awb-spacing-right-small:0%;--awb-spacing-left-small:0%;\"><div class=\"fusion-column-wrapper fusion-column-has-shadow fusion-flex-justify-content-flex-start fusion-content-layout-column\"><div class=\"fusion-text fusion-text-7 fusion-text-no-margin\" style=\"--awb-text-color:#000000;--awb-margin-top:0px;--awb-margin-right:0px;--awb-margin-bottom:0px;--awb-margin-left:0px;\"><h4><strong>Zirkadianer Rhythmus und Schlaf<\/strong><\/h4>\n<p>Der zirkadiane Rhythmus, auch bekannt als \u201einnere Uhr\u201c, spielt eine zentrale Rolle bei der Regulierung des Schlaf-Wach-Rhythmus, der Hormonproduktion und der K\u00f6rpertemperatur. Diese Prozesse werden stark durch das Tageslicht beeinflusst, insbesondere durch das blaue Spektrum des Lichts. Eine Dysregulation des zirkadianen Rhythmus kann zu Schlafst\u00f6rungen, chronischer M\u00fcdigkeit und einer verminderten Leistungsf\u00e4higkeit f\u00fchren <sup>[14]<\/sup>.<\/p>\n<p>In der Rehabilitation ist Schlaf von entscheidender Bedeutung, da er die Regeneration des K\u00f6rpers unterst\u00fctzt. Eine erh\u00f6hte Tageslicht-Exposition, insbesondere in den Morgenstunden, kann den zirkadianen Rhythmus stabilisieren und die Schlafqualit\u00e4t verbessern <sup>[15]<\/sup>. Verbesserter Schlaf f\u00fchrt wiederum zu einer schnelleren k\u00f6rperlichen Regeneration, einer besseren kognitiven Leistung und einem stabileren emotionalen Zustand, was f\u00fcr die Rehabilitation von Sportverletzungen entscheidend ist <sup>[16]<\/sup>.<\/p>\n<\/div><\/div><\/div><div class=\"fusion-layout-column fusion_builder_column fusion-builder-column-11 fusion_builder_column_1_1 1_1 fusion-flex-column fusion-flex-align-self-flex-start\" style=\"--awb-padding-right-small:25px;--awb-padding-left-small:20px;--awb-bg-size:cover;--awb-width-large:100%;--awb-margin-top-large:0px;--awb-spacing-right-large:1.92%;--awb-margin-bottom-large:0px;--awb-spacing-left-large:1.92%;--awb-width-medium:100%;--awb-order-medium:0;--awb-spacing-right-medium:1.92%;--awb-spacing-left-medium:1.92%;--awb-width-small:100%;--awb-order-small:13;--awb-spacing-right-small:0%;--awb-spacing-left-small:0%;\"><div class=\"fusion-column-wrapper fusion-column-has-shadow fusion-flex-justify-content-flex-start fusion-content-layout-column\"><div class=\"fusion-image-element \" style=\"text-align:center;--awb-margin-top:15px;--awb-margin-bottom:15px;--awb-max-width:80px;--awb-caption-title-font-family:var(--h2_typography-font-family);--awb-caption-title-font-weight:var(--h2_typography-font-weight);--awb-caption-title-font-style:var(--h2_typography-font-style);--awb-caption-title-size:var(--h2_typography-font-size);--awb-caption-title-transform:var(--h2_typography-text-transform);--awb-caption-title-line-height:var(--h2_typography-line-height);--awb-caption-title-letter-spacing:var(--h2_typography-letter-spacing);\"><span class=\" fusion-imageframe imageframe-none imageframe-5 hover-type-none\"><img decoding=\"async\" width=\"500\" height=\"80\" title=\"Nordic_Fitness_Nadel\" src=\"https:\/\/nordicscience.de\/institut\/wp-content\/uploads\/2021\/10\/Nordic_Fitness_Nadel.png\" data-orig-src=\"https:\/\/nordicscience.de\/institut\/wp-content\/uploads\/2021\/10\/Nordic_Fitness_Nadel.png\" alt class=\"lazyload img-responsive wp-image-2682\" srcset=\"data:image\/svg+xml,%3Csvg%20xmlns%3D%27http%3A%2F%2Fwww.w3.org%2F2000%2Fsvg%27%20width%3D%27500%27%20height%3D%2780%27%20viewBox%3D%270%200%20500%2080%27%3E%3Crect%20width%3D%27500%27%20height%3D%2780%27%20fill-opacity%3D%220%22%2F%3E%3C%2Fsvg%3E\" data-srcset=\"https:\/\/nordicscience.de\/institut\/wp-content\/uploads\/2021\/10\/Nordic_Fitness_Nadel-200x32.png 200w, https:\/\/nordicscience.de\/institut\/wp-content\/uploads\/2021\/10\/Nordic_Fitness_Nadel-400x64.png 400w, https:\/\/nordicscience.de\/institut\/wp-content\/uploads\/2021\/10\/Nordic_Fitness_Nadel.png 500w\" data-sizes=\"auto\" data-orig-sizes=\"(max-width: 1024px) 100vw, (max-width: 640px) 100vw, 500px\" \/><\/span><\/div><\/div><\/div><div class=\"fusion-layout-column fusion_builder_column fusion-builder-column-12 fusion_builder_column_1_1 1_1 fusion-flex-column fusion-flex-align-self-flex-start\" style=\"--awb-padding-right-small:25px;--awb-padding-left-small:20px;--awb-bg-size:cover;--awb-width-large:100%;--awb-margin-top-large:0px;--awb-spacing-right-large:1.92%;--awb-margin-bottom-large:0px;--awb-spacing-left-large:1.92%;--awb-width-medium:100%;--awb-order-medium:0;--awb-spacing-right-medium:1.92%;--awb-spacing-left-medium:1.92%;--awb-width-small:100%;--awb-order-small:15;--awb-spacing-right-small:0%;--awb-spacing-left-small:0%;\"><div class=\"fusion-column-wrapper fusion-column-has-shadow fusion-flex-justify-content-flex-start fusion-content-layout-column\"><div class=\"fusion-text fusion-text-8 fusion-text-no-margin\" style=\"--awb-text-color:#000000;--awb-margin-top:0px;--awb-margin-right:0px;--awb-margin-bottom:0px;--awb-margin-left:0px;\"><h4><strong>Schmerzmanagement und Tageslicht<\/strong><\/h4>\n<p>Ein weiterer bedeutender Aspekt der Rehabilitation von Sportverletzungen ist das Schmerzmanagement. Chronische Schmerzen k\u00f6nnen nicht nur physische, sondern auch psychische Barrieren f\u00fcr die Genesung darstellen. Tageslicht hat einen direkten Einfluss auf das Schmerzempfinden. Mehrere Studien zeigen, dass Licht die Schmerzwahrnehmung durch hormonelle und neurologische Mechanismen modulieren kann. Dies geschieht zum Teil durch die Regulation von Endorphinen und anderen schmerzhemmenden Neurotransmittern, die durch Licht stimuliert werden <sup>[17]<\/sup>. Untersuchungen an Tieren haben zudem gezeigt, dass helles Licht direkte antinozizeptive (schmerzhemmende) Effekte durch die Aktivierung spezifischer retinaler Ganglienzellen haben kann, die mit schmerzregulierenden Neuronen im Gehirn in Verbindung stehen <sup>[18]<\/sup>.<\/p>\n<p>Diese schmerzlindernden Effekte wurden bereits in der postoperativen Rehabilitation beobachtet, bei der Patienten, die in hell erleuchteten R\u00e4umen untergebracht waren, signifikant weniger Schmerzmittel ben\u00f6tigten als jene in schwach beleuchteten R\u00e4umen <sup>[19]<\/sup>. Solche Erkenntnisse verdeutlichen das Potenzial von Tageslicht als eine erg\u00e4nzende Therapie zur Schmerzlinderung in der Rehabilitation von Sportverletzungen.<\/p>\n<\/div><\/div><\/div><div class=\"fusion-layout-column fusion_builder_column fusion-builder-column-13 fusion_builder_column_1_1 1_1 fusion-flex-column fusion-flex-align-self-flex-start\" style=\"--awb-padding-right-small:25px;--awb-padding-left-small:20px;--awb-bg-size:cover;--awb-width-large:100%;--awb-margin-top-large:0px;--awb-spacing-right-large:1.92%;--awb-margin-bottom-large:0px;--awb-spacing-left-large:1.92%;--awb-width-medium:100%;--awb-order-medium:0;--awb-spacing-right-medium:1.92%;--awb-spacing-left-medium:1.92%;--awb-width-small:100%;--awb-order-small:16;--awb-spacing-right-small:0%;--awb-spacing-left-small:0%;\"><div class=\"fusion-column-wrapper fusion-column-has-shadow fusion-flex-justify-content-flex-start fusion-content-layout-column\"><div class=\"fusion-image-element \" style=\"text-align:center;--awb-margin-top:15px;--awb-margin-bottom:15px;--awb-max-width:80px;--awb-caption-title-font-family:var(--h2_typography-font-family);--awb-caption-title-font-weight:var(--h2_typography-font-weight);--awb-caption-title-font-style:var(--h2_typography-font-style);--awb-caption-title-size:var(--h2_typography-font-size);--awb-caption-title-transform:var(--h2_typography-text-transform);--awb-caption-title-line-height:var(--h2_typography-line-height);--awb-caption-title-letter-spacing:var(--h2_typography-letter-spacing);\"><span class=\" fusion-imageframe imageframe-none imageframe-6 hover-type-none\"><img decoding=\"async\" width=\"500\" height=\"80\" title=\"Nordic_Fitness_Nadel\" src=\"https:\/\/nordicscience.de\/institut\/wp-content\/uploads\/2021\/10\/Nordic_Fitness_Nadel.png\" data-orig-src=\"https:\/\/nordicscience.de\/institut\/wp-content\/uploads\/2021\/10\/Nordic_Fitness_Nadel.png\" alt class=\"lazyload img-responsive wp-image-2682\" srcset=\"data:image\/svg+xml,%3Csvg%20xmlns%3D%27http%3A%2F%2Fwww.w3.org%2F2000%2Fsvg%27%20width%3D%27500%27%20height%3D%2780%27%20viewBox%3D%270%200%20500%2080%27%3E%3Crect%20width%3D%27500%27%20height%3D%2780%27%20fill-opacity%3D%220%22%2F%3E%3C%2Fsvg%3E\" data-srcset=\"https:\/\/nordicscience.de\/institut\/wp-content\/uploads\/2021\/10\/Nordic_Fitness_Nadel-200x32.png 200w, https:\/\/nordicscience.de\/institut\/wp-content\/uploads\/2021\/10\/Nordic_Fitness_Nadel-400x64.png 400w, https:\/\/nordicscience.de\/institut\/wp-content\/uploads\/2021\/10\/Nordic_Fitness_Nadel.png 500w\" data-sizes=\"auto\" data-orig-sizes=\"(max-width: 1024px) 100vw, (max-width: 640px) 100vw, 500px\" \/><\/span><\/div><\/div><\/div><div class=\"fusion-layout-column fusion_builder_column fusion-builder-column-14 fusion_builder_column_1_1 1_1 fusion-flex-column fusion-flex-align-self-flex-start\" style=\"--awb-padding-right-small:25px;--awb-padding-left-small:20px;--awb-bg-size:cover;--awb-width-large:100%;--awb-margin-top-large:0px;--awb-spacing-right-large:1.92%;--awb-margin-bottom-large:0px;--awb-spacing-left-large:1.92%;--awb-width-medium:100%;--awb-order-medium:0;--awb-spacing-right-medium:1.92%;--awb-spacing-left-medium:1.92%;--awb-width-small:100%;--awb-order-small:18;--awb-spacing-right-small:0%;--awb-spacing-left-small:0%;\"><div class=\"fusion-column-wrapper fusion-column-has-shadow fusion-flex-justify-content-flex-start fusion-content-layout-column\"><div class=\"fusion-text fusion-text-9 fusion-text-no-margin\" style=\"--awb-text-color:#000000;--awb-margin-top:0px;--awb-margin-right:0px;--awb-margin-bottom:0px;--awb-margin-left:0px;\"><h3 class=\"fusion-responsive-typography-calculated\" style=\"--fontsize: 24; --minfontsize: 24; line-height: 30px;\" data-fontsize=\"24\" data-lineheight=\"52.8px\" data-fusion-font=\"true\">Praktische Anwendung von Tageslicht in der Rehabilitation<\/h3>\n<p>Die Anwendung von Tageslicht als Therapieelement in der Rehabilitation l\u00e4sst sich sowohl durch nat\u00fcrliche als auch k\u00fcnstliche Lichtquellen realisieren. K\u00fcnstliches Tageslicht, das dem nat\u00fcrlichen Spektrum nahekommt, kann in geschlossenen R\u00e4umen wie Fitnessstudios oder Rehabilitationszentren eingesetzt werden, insbesondere w\u00e4hrend der Wintermonate oder in Regionen mit begrenztem nat\u00fcrlichen Licht <sup>[5]<\/sup>. Die regelm\u00e4\u00dfige Exposition gegen\u00fcber solchem Licht kann nicht nur den Vitamin-D-Spiegel und die Stimmung verbessern, sondern auch den Schlaf f\u00f6rdern und das Schmerzempfinden positiv beeinflussen.<\/p>\n<p>Eine gezielte Planung der Lichtexposition, basierend auf dem zirkadianen Rhythmus, kann die Effekte weiter optimieren. So sollten Therapieeinheiten f\u00fcr \u201eMorgenmenschen\u201c idealerweise in den fr\u00fchen Tagesstunden stattfinden, w\u00e4hrend \u201eAbendmenschen\u201c von sp\u00e4teren Therapieeinheiten profitieren k\u00f6nnten <sup>[20]<\/sup>. Messen k\u00f6nnen wir das z.B. mit einem Fragebogen zum Chronotyp, wie dem D-MEQ <sup>[21]<\/sup>.<\/p>\n<p>Gerade bei Sportlern mit Schlafproblemen k\u00f6nnen auch \u201eSonnenlichtwecker\u201c verwendet werden, um den nat\u00fcrlichen Aufwachprozess zu unterst\u00fctzen und die Schlafqualit\u00e4t zu verbessern <sup>[22]<\/sup>.<\/p>\n<\/div><\/div><\/div><div class=\"fusion-layout-column fusion_builder_column fusion-builder-column-15 fusion_builder_column_1_1 1_1 fusion-flex-column fusion-flex-align-self-flex-start\" style=\"--awb-padding-right-small:25px;--awb-padding-left-small:20px;--awb-bg-size:cover;--awb-width-large:100%;--awb-margin-top-large:0px;--awb-spacing-right-large:1.92%;--awb-margin-bottom-large:0px;--awb-spacing-left-large:1.92%;--awb-width-medium:100%;--awb-order-medium:0;--awb-spacing-right-medium:1.92%;--awb-spacing-left-medium:1.92%;--awb-width-small:100%;--awb-order-small:19;--awb-spacing-right-small:0%;--awb-spacing-left-small:0%;\"><div class=\"fusion-column-wrapper fusion-column-has-shadow fusion-flex-justify-content-flex-start fusion-content-layout-column\"><div class=\"fusion-image-element \" style=\"text-align:center;--awb-margin-top:15px;--awb-margin-bottom:15px;--awb-max-width:80px;--awb-caption-title-font-family:var(--h2_typography-font-family);--awb-caption-title-font-weight:var(--h2_typography-font-weight);--awb-caption-title-font-style:var(--h2_typography-font-style);--awb-caption-title-size:var(--h2_typography-font-size);--awb-caption-title-transform:var(--h2_typography-text-transform);--awb-caption-title-line-height:var(--h2_typography-line-height);--awb-caption-title-letter-spacing:var(--h2_typography-letter-spacing);\"><span class=\" fusion-imageframe imageframe-none imageframe-7 hover-type-none\"><img decoding=\"async\" width=\"500\" height=\"80\" title=\"Nordic_Fitness_Nadel\" src=\"https:\/\/nordicscience.de\/institut\/wp-content\/uploads\/2021\/10\/Nordic_Fitness_Nadel.png\" data-orig-src=\"https:\/\/nordicscience.de\/institut\/wp-content\/uploads\/2021\/10\/Nordic_Fitness_Nadel.png\" alt class=\"lazyload img-responsive wp-image-2682\" srcset=\"data:image\/svg+xml,%3Csvg%20xmlns%3D%27http%3A%2F%2Fwww.w3.org%2F2000%2Fsvg%27%20width%3D%27500%27%20height%3D%2780%27%20viewBox%3D%270%200%20500%2080%27%3E%3Crect%20width%3D%27500%27%20height%3D%2780%27%20fill-opacity%3D%220%22%2F%3E%3C%2Fsvg%3E\" data-srcset=\"https:\/\/nordicscience.de\/institut\/wp-content\/uploads\/2021\/10\/Nordic_Fitness_Nadel-200x32.png 200w, https:\/\/nordicscience.de\/institut\/wp-content\/uploads\/2021\/10\/Nordic_Fitness_Nadel-400x64.png 400w, https:\/\/nordicscience.de\/institut\/wp-content\/uploads\/2021\/10\/Nordic_Fitness_Nadel.png 500w\" data-sizes=\"auto\" data-orig-sizes=\"(max-width: 1024px) 100vw, (max-width: 640px) 100vw, 500px\" \/><\/span><\/div><\/div><\/div><div class=\"fusion-layout-column fusion_builder_column fusion-builder-column-16 fusion_builder_column_2_3 2_3 fusion-flex-column fusion-flex-align-self-flex-start\" style=\"--awb-padding-right-small:25px;--awb-padding-left-small:20px;--awb-bg-size:cover;--awb-width-large:66.6666666667%;--awb-margin-top-large:0px;--awb-spacing-right-large:2.88%;--awb-margin-bottom-large:0px;--awb-spacing-left-large:2.88%;--awb-width-medium:100%;--awb-order-medium:0;--awb-spacing-right-medium:1.92%;--awb-spacing-left-medium:1.92%;--awb-width-small:100%;--awb-order-small:21;--awb-spacing-right-small:0%;--awb-spacing-left-small:0%;\"><div class=\"fusion-column-wrapper fusion-column-has-shadow fusion-flex-justify-content-flex-start fusion-content-layout-column\"><div class=\"fusion-text fusion-text-10 fusion-text-no-margin\" style=\"--awb-text-color:#000000;--awb-margin-top:0px;--awb-margin-right:0px;--awb-margin-bottom:0px;--awb-margin-left:0px;\"><h3><strong>Was machen wir jetzt mit diesem Wissen?<\/strong><\/h3>\n<p>Die Beachtung von Tageslicht bei der Rehabilitation von Sportverletzungen bietet uns eine vielversprechende, kosteng\u00fcnstige und einfache M\u00f6glichkeit, die Rehabilitation mit einem weiteren Faktor zu unterst\u00fctzen. Wir w\u00fcrden in der Praxis empfehlen:<\/p>\n<ul>\n<li>Den Patienten \u00fcber die Wirkung von Tageslicht in seinem Zustand aufzukl\u00e4ren<\/li>\n<li>Bewusst in hellen R\u00e4umen mit Tageslicht trainieren\/therapieren<\/li>\n<li>Ein Heimtrainingsprogramm entwickeln, was teilweise auch im Freien durchgef\u00fchrt werden kann<\/li>\n<li>Bei Patienten mit Schlafproblemen nochmal individueller auf Tages-\/Biorhythmus und Lichtexposition achten<\/li>\n<li>Bei Neugestaltung von Therapier\u00e4umen \u00fcber die Anschaffung von Tageslicht-LEDs nachdenken<\/li>\n<\/ul>\n<\/div><\/div><\/div><div class=\"fusion-layout-column fusion_builder_column fusion-builder-column-17 fusion_builder_column_1_3 1_3 fusion-flex-column fusion-flex-align-self-flex-start\" style=\"--awb-padding-right-small:60px;--awb-padding-left-small:60px;--awb-bg-size:cover;--awb-width-large:33.3333333333%;--awb-margin-top-large:0px;--awb-spacing-right-large:5.76%;--awb-margin-bottom-large:0px;--awb-spacing-left-large:5.76%;--awb-width-medium:100%;--awb-order-medium:0;--awb-spacing-right-medium:1.92%;--awb-spacing-left-medium:1.92%;--awb-width-small:100%;--awb-order-small:17;--awb-spacing-right-small:0%;--awb-spacing-left-small:0%;\"><div class=\"fusion-column-wrapper fusion-column-has-shadow fusion-flex-justify-content-flex-start fusion-content-layout-column\"><div class=\"fusion-image-element \" style=\"--awb-caption-title-font-family:var(--h2_typography-font-family);--awb-caption-title-font-weight:var(--h2_typography-font-weight);--awb-caption-title-font-style:var(--h2_typography-font-style);--awb-caption-title-size:var(--h2_typography-font-size);--awb-caption-title-transform:var(--h2_typography-text-transform);--awb-caption-title-line-height:var(--h2_typography-line-height);--awb-caption-title-letter-spacing:var(--h2_typography-letter-spacing);\"><span class=\" fusion-imageframe imageframe-none imageframe-8 hover-type-none\"><img decoding=\"async\" width=\"1792\" height=\"1024\" title=\"daylight injuries athletes\" src=\"https:\/\/nordicscience.de\/institut\/wp-content\/uploads\/2024\/09\/daylight-injuries-athletes.webp\" data-orig-src=\"https:\/\/nordicscience.de\/institut\/wp-content\/uploads\/2024\/09\/daylight-injuries-athletes.webp\" alt class=\"lazyload img-responsive wp-image-7118\" srcset=\"data:image\/svg+xml,%3Csvg%20xmlns%3D%27http%3A%2F%2Fwww.w3.org%2F2000%2Fsvg%27%20width%3D%271792%27%20height%3D%271024%27%20viewBox%3D%270%200%201792%201024%27%3E%3Crect%20width%3D%271792%27%20height%3D%271024%27%20fill-opacity%3D%220%22%2F%3E%3C%2Fsvg%3E\" data-srcset=\"https:\/\/nordicscience.de\/institut\/wp-content\/uploads\/2024\/09\/daylight-injuries-athletes-200x114.webp 200w, https:\/\/nordicscience.de\/institut\/wp-content\/uploads\/2024\/09\/daylight-injuries-athletes-400x229.webp 400w, https:\/\/nordicscience.de\/institut\/wp-content\/uploads\/2024\/09\/daylight-injuries-athletes-600x343.webp 600w, https:\/\/nordicscience.de\/institut\/wp-content\/uploads\/2024\/09\/daylight-injuries-athletes-800x457.webp 800w, https:\/\/nordicscience.de\/institut\/wp-content\/uploads\/2024\/09\/daylight-injuries-athletes-1200x686.webp 1200w, https:\/\/nordicscience.de\/institut\/wp-content\/uploads\/2024\/09\/daylight-injuries-athletes.webp 1792w\" data-sizes=\"auto\" data-orig-sizes=\"(max-width: 1024px) 100vw, (max-width: 640px) 100vw, 400px\" \/><\/span><\/div><\/div><\/div><div class=\"fusion-layout-column fusion_builder_column fusion-builder-column-18 fusion_builder_column_1_1 1_1 fusion-flex-column fusion-flex-align-self-flex-start\" style=\"--awb-padding-right-small:25px;--awb-padding-left-small:20px;--awb-bg-size:cover;--awb-width-large:100%;--awb-margin-top-large:0px;--awb-spacing-right-large:1.92%;--awb-margin-bottom-large:0px;--awb-spacing-left-large:1.92%;--awb-width-medium:100%;--awb-order-medium:0;--awb-spacing-right-medium:1.92%;--awb-spacing-left-medium:1.92%;--awb-width-small:100%;--awb-order-small:25;--awb-spacing-right-small:0%;--awb-spacing-left-small:0%;\"><div class=\"fusion-column-wrapper fusion-column-has-shadow fusion-flex-justify-content-flex-start fusion-content-layout-column\"><div class=\"accordian fusion-accordian\" style=\"--awb-border-size:1px;--awb-icon-size:15px;--awb-content-font-size:17px;--awb-icon-alignment:left;--awb-hover-color:#f9f9f9;--awb-border-color:#cccccc;--awb-background-color:#ffffff;--awb-divider-color:#e0dede;--awb-divider-hover-color:#e0dede;--awb-icon-color:#ffffff;--awb-title-color:#009dc6;--awb-content-color:#54595f;--awb-icon-box-color:#333333;--awb-toggle-hover-accent-color:#1a80b6;--awb-title-font-family:&quot;Source Sans 3&quot;;--awb-title-font-weight:400;--awb-title-font-style:normal;--awb-title-font-size:24px;--awb-content-font-family:&quot;Open Sans&quot;;--awb-content-font-style:normal;--awb-content-font-weight:300;\"><div class=\"panel-group fusion-toggle-icon-boxed\" id=\"accordion-7115-1\"><div class=\"fusion-panel panel-default panel-2dd020fbffcbb1fd9 fusion-toggle-has-divider\"><div class=\"panel-heading\"><h4 class=\"panel-title toggle\" id=\"toggle_2dd020fbffcbb1fd9\"><a aria-expanded=\"false\" aria-controls=\"2dd020fbffcbb1fd9\" role=\"button\" data-toggle=\"collapse\" data-parent=\"#accordion-7115-1\" data-target=\"#2dd020fbffcbb1fd9\" href=\"#2dd020fbffcbb1fd9\"><span class=\"fusion-toggle-icon-wrapper\" aria-hidden=\"true\"><i class=\"fa-fusion-box active-icon awb-icon-minus\" aria-hidden=\"true\"><\/i><i class=\"fa-fusion-box inactive-icon awb-icon-plus\" aria-hidden=\"true\"><\/i><\/span><span class=\"fusion-toggle-heading\">Literaturverzeichnis<\/span><\/a><\/h4><\/div><div id=\"2dd020fbffcbb1fd9\" class=\"panel-collapse collapse \" aria-labelledby=\"toggle_2dd020fbffcbb1fd9\"><div class=\"panel-body toggle-content fusion-clearfix\">\n<ol>\n<li>Boyce, P. (2022). Light, lighting and human health. <em>Lighting Research &amp; Technology<\/em>, <em>54<\/em>(2), 101\u2013144. https:\/\/doi.org\/10.1177\/14771535211010267<\/li>\n<li>Davies, T. W., &amp; Smyth, T. (2018). Why artificial light at night should be a focus for global change research in the 21st century. <em>Global Change Biology<\/em>, <em>24<\/em>(3), 872\u2013882. https:\/\/doi.org\/10.1111\/gcb.13927<\/li>\n<li>Cashman, K. D. (2022). 100 years of vitamin d: Global differences in vitamin D status and dietary intake: a review of the data. <em>Endocrine Connections<\/em>, <em>11<\/em>(1), e210282. https:\/\/doi.org\/10.1530\/EC-21-0282<\/li>\n<li>Pritchett, K., Rice, B., &amp; Berg, S. (2022). Vitamin D and spinal cord injury. In <em>Diagnosis and Treatment of Spinal Cord Injury<\/em> (S. 453\u2013460). Elsevier. https:\/\/doi.org\/10.1016\/B978-0-12-822498-4.00035-X<\/li>\n<li>Niering, M., &amp; Seifert, J. (2024). The Impact of Daylight Exposure on Injured Athletes: Implications for Rehabilitation. <em>International Journal of Strength and Conditioning<\/em>, <em>4<\/em>(1). https:\/\/doi.org\/10.47206\/ijsc.v4i1.299<\/li>\n<li>Michalczyk, M. M., Go\u0142a\u015b, A., Maszczyk, A., Kaczka, P., &amp; Zaj\u0105c, A. (2020). Influence of Sunlight and Oral D3 Supplementation on Serum 25(OH)D Concentration and Exercise Performance in Elite Soccer Players. <em>Nutrients<\/em>, <em>12<\/em>(5), 1311. https:\/\/doi.org\/10.3390\/nu12051311<\/li>\n<li>Haans, A. (2014). The natural preference in people\u2019s appraisal of light. <em>Journal of Environmental Psychology<\/em>, <em>39<\/em>, 51\u201361. https:\/\/doi.org\/10.1016\/j.jenvp.2014.04.001<\/li>\n<li>Knoop, M., Stefani, O., Bueno, B., Matusiak, B., Hobday, R., Wirz-Justice, A., Martiny, K., Kantermann, T., Aarts, M., Zemmouri, N., Appelt, S., &amp; Norton, B. (2020). Daylight: What makes the difference? <em>Lighting Research &amp; Technology<\/em>, <em>52<\/em>(3), 423\u2013442. https:\/\/doi.org\/10.1177\/1477153519869758<\/li>\n<li>Meier, B. P., Dillard, A. J., &amp; Lappas, C. M. (2019). Naturally better? A review of the natural\u2010is\u2010better bias. <em>Social and Personality Psychology Compass<\/em>, <em>13<\/em>(8). https:\/\/doi.org\/10.1111\/spc3.12494<\/li>\n<li>Aron, C. M., Harvey, S., Hainline, B., Hitchcock, M. E., &amp; Reardon, C. L. (2019). Post-traumatic stress disorder (PTSD) and other trauma-related mental disorders in elite athletes: A narrative review. <em>British Journal of Sports Medicine<\/em>, <em>53<\/em>(12), 779\u2013784. https:\/\/doi.org\/10.1136\/bjsports-2019-100695<\/li>\n<li>Niering, M., Klass, A., Wolf-Belala, N., &amp; Seifert, J. (2024). Prevalence, severity, and predictors of self-reported depression in ultra-distance runners: An online survey based on 265 athletes. <em>Injury<\/em>, <em>55<\/em>(11), 111790. https:\/\/doi.org\/10.1016\/j.injury.2024.111790<\/li>\n<li>Truong, L. K., Mosewich, A. D., Holt, C. J., Le, C. Y., Miciak, M., &amp; Whittaker, J. L. (2020). Psychological, social and contextual factors across recovery stages following a sport-related knee injury: A scoping review. <em>British Journal of Sports Medicine<\/em>, <em>54<\/em>(19), 1149\u20131156. https:\/\/doi.org\/10.1136\/bjsports-2019-101206<\/li>\n<li>Fernandez, D. C., Fogerson, P. M., Lazzerini Ospri, L., Thomsen, M. B., Layne, R. M., Severin, D., Zhan, J., Singer, J. H., Kirkwood, A., Zhao, H., Berson, D. M., &amp; Hattar, S. (2018). Light Affects Mood and Learning through Distinct Retina-Brain Pathways. <em>Cell<\/em>, <em>175<\/em>(1), 71-84.e18. https:\/\/doi.org\/10.1016\/j.cell.2018.08.004<\/li>\n<li>Ostrin, L. A. (2019). Ocular and systemic melatonin and the influence of light exposure. <em>Clinical and Experimental Optometry<\/em>, <em>102<\/em>(2), 99\u2013108. https:\/\/doi.org\/10.1111\/cxo.12824<\/li>\n<li>Bilu, C., Einat, H., Zimmet, P., Vishnevskia-Dai, V., &amp; Kronfeld-Schor, N. (2020). Beneficial effects of daytime high-intensity light exposure on daily rhythms, metabolic state and affect. <em>Scientific Reports<\/em>, <em>10<\/em>(1), 19782. https:\/\/doi.org\/10.1038\/s41598-020-76636-8<\/li>\n<li>Nedelec, M., Aloulou, A., Duforez, F., Meyer, T., &amp; Dupont, G. (2018). The Variability of Sleep Among Elite Athletes. <em>Sports Medicine &#8211; Open<\/em>, <em>4<\/em>(1), 34. https:\/\/doi.org\/10.1186\/s40798-018-0151-2<\/li>\n<li>Stanhope, J., Breed, M. F., &amp; Weinstein, P. (2020). Exposure to greenspaces could reduce the high global burden of pain. <em>Environmental Research<\/em>, <em>187<\/em>, 109641. https:\/\/doi.org\/10.1016\/j.envres.2020.109641<\/li>\n<li>Hu, Z., Mu, Y., Huang, L., Hu, Y., Chen, Z., Yang, Y., Huang, X., Fu, Y., Xi, Y., Lin, S., Tao, Q., Xu, F., So, K.-F., &amp; Ren, C. (2022). A visual circuit related to the periaqueductal gray area for the antinociceptive effects of bright light treatment. <em>Neuron<\/em>, <em>110<\/em>(10), 1712-1727.e7. https:\/\/doi.org\/10.1016\/j.neuron.2022.02.009<\/li>\n<li>Walch, J. M., Rabin, B. S., Day, R., Williams, J. N., Choi, K., &amp; Kang, J. D. (2005). The Effect of Sunlight on Postoperative Analgesic Medication Use: A Prospective Study of Patients Undergoing Spinal Surgery: <em>Psychosomatic Medicine<\/em>, <em>67<\/em>(1), 156\u2013163. https:\/\/doi.org\/10.1097\/01.psy.0000149258.42508.70<\/li>\n<li>Facer-Childs, E., &amp; Brandstaetter, R. (2015). The Impact of Circadian Phenotype and Time since Awakening on Diurnal Performance in Athletes. <em>Current Biology<\/em>, <em>25<\/em>(4), 518\u2013522. https:\/\/doi.org\/10.1016\/j.cub.2014.12.036<\/li>\n<li>Griefahn, B., Kunemund, C., Brode, P., &amp; Mehnert, P. (2001). Zur Validitat der deutschen Ubersetzung des Morningness-Eveningness-Questionnaires von Horne und Ostberg. The Validity of a German Version of the Morningness-Eveningness-Questionnaire Developed by Horne and Ostberg. <em>Somnologie<\/em>, <em>5<\/em>(2), 71\u201380. https:\/\/doi.org\/10.1046\/j.1439-054X.2001.01149.x<\/li>\n<li>Geerdink, M., Walbeek, T. J., Beersma, D. G. M., Hommes, V., &amp; Gordijn, M. C. M. (2016). Short Blue Light Pulses (30 Min) in the Morning Support a Sleep-Advancing Protocol in a Home Setting. <em>Journal of Biological Rhythms<\/em>, <em>31<\/em>(5), 483\u2013497. https:\/\/doi.org\/10.1177\/0748730416657462<\/li>\n<li><\/li>\n<\/ol>\n<\/div><\/div><\/div><\/div><\/div><\/div><\/div><\/div><\/div><div class=\"fusion-fullwidth fullwidth-box fusion-builder-row-2 fusion-flex-container nonhundred-percent-fullwidth non-hundred-percent-height-scrolling\" style=\"--awb-border-radius-top-left:0px;--awb-border-radius-top-right:0px;--awb-border-radius-bottom-right:0px;--awb-border-radius-bottom-left:0px;--awb-padding-top:0px;--awb-padding-right:0px;--awb-padding-bottom:0px;--awb-padding-left:0px;--awb-margin-top:0px;--awb-margin-bottom:0px;--awb-flex-wrap:wrap;\" ><div class=\"fusion-builder-row fusion-row fusion-flex-align-items-flex-start fusion-flex-content-wrap\" style=\"max-width:1216.8px;margin-left: calc(-4% \/ 2 );margin-right: calc(-4% \/ 2 );\"><div class=\"fusion-layout-column fusion_builder_column fusion-builder-column-19 fusion_builder_column_1_1 1_1 fusion-flex-column\" style=\"--awb-padding-top:0px;--awb-padding-right:0px;--awb-padding-bottom:0px;--awb-padding-left:0px;--awb-bg-size:cover;--awb-width-large:100%;--awb-margin-top-large:0px;--awb-spacing-right-large:1.92%;--awb-margin-bottom-large:0px;--awb-spacing-left-large:1.92%;--awb-width-medium:100%;--awb-order-medium:0;--awb-spacing-right-medium:1.92%;--awb-spacing-left-medium:1.92%;--awb-width-small:100%;--awb-order-small:0;--awb-spacing-right-small:3.84%;--awb-spacing-left-small:3.84%;\"><div class=\"fusion-column-wrapper fusion-column-has-shadow fusion-flex-justify-content-flex-start fusion-content-layout-column\"><div class=\"fusion-title title fusion-title-1 fusion-sep-none fusion-title-text fusion-title-size-three\" style=\"--awb-margin-top-small:0px;--awb-margin-right-small:0px;--awb-margin-bottom-small:20px;--awb-margin-left-small:0px;\"><h3 class=\"fusion-title-heading title-heading-left fusion-responsive-typography-calculated\" style=\"margin:0;--fontSize:24;--minFontSize:24;line-height:2.2;\">Die Autoren<\/h3><\/div><\/div><\/div><div class=\"fusion-layout-column fusion_builder_column fusion-builder-column-20 fusion_builder_column_1_3 1_3 fusion-flex-column fusion-flex-align-self-center\" style=\"--awb-bg-color:#ffffff;--awb-bg-color-hover:#ffffff;--awb-bg-size:cover;--awb-width-large:33.3333333333%;--awb-margin-top-large:0px;--awb-spacing-right-large:5px;--awb-margin-bottom-large:0px;--awb-spacing-left-large:5px;--awb-width-medium:50%;--awb-order-medium:0;--awb-spacing-right-medium:5px;--awb-spacing-left-medium:5px;--awb-width-small:100%;--awb-order-small:0;--awb-spacing-right-small:5px;--awb-spacing-left-small:5px;\"><div class=\"fusion-column-wrapper fusion-column-has-shadow fusion-flex-justify-content-space-between fusion-content-layout-column\"><div class=\"fusion-person person fusion-person-left fusion-person-1 fusion-person-icon-bottom\" style=\"--awb-pic-style-color:#000000;--awb-pic-borderradius:0px;--awb-margin-top:0px;--awb-margin-right:0px;--awb-margin-bottom:0px;--awb-margin-left:0px;--awb-social-box-border-top:0px;--awb-social-box-border-right:0px;--awb-social-box-border-bottom:0px;--awb-social-box-border-left:0px;--awb-social-box-border-color:var(--awb-color3);--awb-social-box-border-color-hover:var(--awb-color4);--awb-social-box-colors-hover:rgba(242,243,245,0.8);--awb-social-icon-boxed-colors:#000000;--awb-social-icon-colors:#333333;--awb-social-icon-colors-hover:rgba(158,160,164,0.8);\"><div class=\"person-shortcode-image-wrapper imageframe-liftup\"><div class=\"person-image-container\" style=\"border:0px solid #ffffff;-webkit-border-radius:0px;-moz-border-radius:0px;border-radius:0px;\"><a href=\"https:\/\/nordicscience.de\/institut\/team\/marc-niering\/\" target=\"_self\"><img decoding=\"async\" class=\"lazyload person-img img-responsive wp-image-7562\" width=\"674\" height=\"651\" src=\"https:\/\/nordicscience.de\/institut\/wp-content\/uploads\/2025\/03\/Marc-Neu1_klein.jpg\" data-orig-src=\"https:\/\/nordicscience.de\/institut\/wp-content\/uploads\/2025\/03\/Marc-Neu1_klein.jpg\" alt=\"Dr. Marc Niering\" srcset=\"data:image\/svg+xml,%3Csvg%20xmlns%3D%27http%3A%2F%2Fwww.w3.org%2F2000%2Fsvg%27%20width%3D%27674%27%20height%3D%27651%27%20viewBox%3D%270%200%20674%20651%27%3E%3Crect%20width%3D%27674%27%20height%3D%27651%27%20fill-opacity%3D%220%22%2F%3E%3C%2Fsvg%3E\" data-srcset=\"https:\/\/nordicscience.de\/institut\/wp-content\/uploads\/2025\/03\/Marc-Neu1_klein-200x193.jpg 200w, https:\/\/nordicscience.de\/institut\/wp-content\/uploads\/2025\/03\/Marc-Neu1_klein-400x386.jpg 400w, https:\/\/nordicscience.de\/institut\/wp-content\/uploads\/2025\/03\/Marc-Neu1_klein-600x580.jpg 600w, https:\/\/nordicscience.de\/institut\/wp-content\/uploads\/2025\/03\/Marc-Neu1_klein.jpg 674w\" data-sizes=\"auto\" data-orig-sizes=\"(max-width: 1024px) 100vw, (max-width: 640px) 100vw, 400px\" \/><\/a><\/div><\/div><div class=\"person-desc\" style=\"background-color:#ffffff;padding:40px;margin-top:0;\"><div class=\"person-author\"><div class=\"person-author-wrapper\"><span class=\"person-name\">Dr. Marc Niering<\/span><span class=\"person-title\">Sport- und Neurowissenschaftler<\/span><\/div><\/div><div class=\"person-content fusion-clearfix\">Marc Niering ist seit 2021 bei Nordic Science als wissenschaftliche Leitung t\u00e4tig. Er lehrt in den kognitiv-affektiven Neurowissenschaften, der Neurorehabilitation und Sportmedizin. Seine Forschungsschwerpunkte sind die Auswirkungen von kognitiven Stimuli auf Schmerz, Bewegung und Leistung sowie darauf aufbauende Therapieverfahren in der Neurorehabilitation.<\/div><div class=\"fusion-social-networks\"><div class=\"fusion-social-networks-wrapper\"><a class=\"fusion-social-network-icon fusion-tooltip fusion-Researchgate icon-ResearchGate custom\" aria-label=\"fusion-Researchgate\" href=\"https:\/\/www.researchgate.net\/profile\/Marc-Niering\" target=\"_blank\" rel=\"noopener noreferrer\" style=\"color:#333333;font-size:16px;\" data-placement=\"top\" data-title=\"Researchgate\" title=\"Researchgate\" data-toggle=\"tooltip\"><\/a><a class=\"fusion-social-network-icon fusion-tooltip fusion-linkedin awb-icon-linkedin custom\" aria-label=\"fusion-linkedin\" href=\"https:\/\/www.linkedin.com\/in\/marc-niering-0565b517a\/\" target=\"_blank\" rel=\"noopener noreferrer\" style=\"color:#333333;font-size:16px;\" data-placement=\"top\" data-title=\"LinkedIn\" title=\"LinkedIn\" data-toggle=\"tooltip\"><\/a><\/div><\/div><\/div><\/div><\/div><\/div><div class=\"fusion-layout-column fusion_builder_column fusion-builder-column-21 fusion_builder_column_1_3 1_3 fusion-flex-column fusion-flex-align-self-stretch\" style=\"--awb-bg-size:cover;--awb-width-large:33.3333333333%;--awb-margin-top-large:0px;--awb-spacing-right-large:5px;--awb-margin-bottom-large:30px;--awb-spacing-left-large:5px;--awb-width-medium:50%;--awb-order-medium:0;--awb-spacing-right-medium:5px;--awb-spacing-left-medium:5px;--awb-width-small:100%;--awb-order-small:0;--awb-spacing-right-small:5px;--awb-spacing-left-small:5px;\"><div class=\"fusion-column-wrapper fusion-column-has-shadow fusion-flex-justify-content-space-between fusion-content-layout-column\"><div class=\"fusion-person person fusion-person-left fusion-person-2 fusion-person-icon-bottom\" style=\"--awb-pic-style-color:#000000;--awb-pic-borderradius:0px;--awb-margin-top:0px;--awb-margin-right:0px;--awb-margin-bottom:0px;--awb-margin-left:0px;--awb-social-box-border-top:0px;--awb-social-box-border-right:0px;--awb-social-box-border-bottom:0px;--awb-social-box-border-left:0px;--awb-social-box-border-color:var(--awb-color3);--awb-social-box-border-color-hover:var(--awb-color4);--awb-social-box-colors-hover:rgba(242,243,245,0.8);--awb-social-icon-boxed-colors:#000000;--awb-social-icon-colors:#333333;--awb-social-icon-colors-hover:rgba(158,160,164,0.8);\"><div class=\"person-shortcode-image-wrapper imageframe-liftup\"><div class=\"person-image-container\" style=\"border:0px solid #ffffff;-webkit-border-radius:0px;-moz-border-radius:0px;border-radius:0px;\"><img decoding=\"async\" class=\"lazyload person-img img-responsive wp-image-7473\" width=\"674\" height=\"651\" src=\"https:\/\/nordicscience.de\/institut\/wp-content\/uploads\/2024\/12\/Johanna-portrait_science_klein.png\" data-orig-src=\"https:\/\/nordicscience.de\/institut\/wp-content\/uploads\/2024\/12\/Johanna-portrait_science_klein.png\" alt=\"PD Dr. med. Johanna Seifert\" srcset=\"data:image\/svg+xml,%3Csvg%20xmlns%3D%27http%3A%2F%2Fwww.w3.org%2F2000%2Fsvg%27%20width%3D%27674%27%20height%3D%27651%27%20viewBox%3D%270%200%20674%20651%27%3E%3Crect%20width%3D%27674%27%20height%3D%27651%27%20fill-opacity%3D%220%22%2F%3E%3C%2Fsvg%3E\" data-srcset=\"https:\/\/nordicscience.de\/institut\/wp-content\/uploads\/2024\/12\/Johanna-portrait_science_klein-200x193.png 200w, https:\/\/nordicscience.de\/institut\/wp-content\/uploads\/2024\/12\/Johanna-portrait_science_klein-400x386.png 400w, https:\/\/nordicscience.de\/institut\/wp-content\/uploads\/2024\/12\/Johanna-portrait_science_klein-600x580.png 600w, https:\/\/nordicscience.de\/institut\/wp-content\/uploads\/2024\/12\/Johanna-portrait_science_klein.png 674w\" data-sizes=\"auto\" data-orig-sizes=\"(max-width: 1024px) 100vw, (max-width: 640px) 100vw, 400px\" \/><\/div><\/div><div class=\"person-desc\" style=\"background-color:#ffffff;padding:40px;margin-top:0;\"><div class=\"person-author\"><div class=\"person-author-wrapper\"><span class=\"person-name\">PD Dr. med. Johanna Seifert<\/span><span class=\"person-title\">Fach\u00e4rztin f\u00fcr Psychiatrie und Psychotherapie<\/span><\/div><\/div><div class=\"person-content fusion-clearfix\">Johanna Seifert ist seit 2021 bei Nordic Science als medizinische Leitung t\u00e4tig und arbeitet an der Medizinischen Hochschule als Ober\u00e4rztin. Sie lehrt und forscht in den Bereichen Psychopharmakologie, Schizophrenie und Sportpsychiatrie.<\/div><div class=\"fusion-social-networks\"><div class=\"fusion-social-networks-wrapper\"><a class=\"fusion-social-network-icon fusion-tooltip fusion-Researchgate icon-ResearchGate custom\" aria-label=\"fusion-Researchgate\" href=\"https:\/\/www.researchgate.net\/profile\/Johanna-Seifert\" target=\"_blank\" rel=\"noopener noreferrer\" style=\"color:#333333;font-size:16px;\" data-placement=\"top\" data-title=\"Researchgate\" title=\"Researchgate\" data-toggle=\"tooltip\"><\/a><\/div><\/div><\/div><\/div><\/div><\/div><\/div><\/div><\/p>\n","protected":false},"excerpt":{"rendered":"","protected":false},"author":10,"featured_media":7124,"comment_status":"open","ping_status":"open","sticky":false,"template":"","format":"standard","meta":{"footnotes":""},"categories":[1],"tags":[],"class_list":["post-7115","post","type-post","status-publish","format-standard","has-post-thumbnail","hentry","category-unkategorisiert"],"yoast_head":"<!-- This site is optimized with the Yoast SEO plugin v27.4 - https:\/\/yoast.com\/product\/yoast-seo-wordpress\/ -->\n<title>Der Einfluss von Tageslicht auf Sportverletzungen - Nordic Science Institut f\u00fcr Biomechanik und Neurowissenschaften<\/title>\n<meta name=\"robots\" content=\"index, follow, max-snippet:-1, max-image-preview:large, max-video-preview:-1\" \/>\n<link rel=\"canonical\" href=\"https:\/\/nordicscience.de\/institut\/blog\/tageslicht-in-der-rehabilitation-von-sportverletzungen\/\" \/>\n<meta property=\"og:locale\" content=\"de_DE\" \/>\n<meta property=\"og:type\" content=\"article\" \/>\n<meta property=\"og:title\" content=\"Der Einfluss von Tageslicht auf Sportverletzungen - Nordic Science Institut f\u00fcr Biomechanik und Neurowissenschaften\" \/>\n<meta property=\"og:url\" content=\"https:\/\/nordicscience.de\/institut\/blog\/tageslicht-in-der-rehabilitation-von-sportverletzungen\/\" \/>\n<meta property=\"og:site_name\" content=\"Nordic Science Institut f\u00fcr Biomechanik und Neurowissenschaften\" \/>\n<meta property=\"article:publisher\" content=\"https:\/\/www.facebook.com\/nordicscience\" \/>\n<meta property=\"article:published_time\" content=\"2024-09-19T19:37:38+00:00\" \/>\n<meta property=\"article:modified_time\" content=\"2025-06-04T14:12:03+00:00\" \/>\n<meta property=\"og:image\" content=\"https:\/\/nordicscience.de\/institut\/wp-content\/uploads\/2024\/09\/Tageslicht-in-der-Rehabilitation-von-Sportverletzungen.png\" \/>\n\t<meta property=\"og:image:width\" content=\"960\" \/>\n\t<meta property=\"og:image:height\" content=\"540\" \/>\n\t<meta property=\"og:image:type\" content=\"image\/png\" \/>\n<meta name=\"author\" content=\"Marc Niering\" \/>\n<meta name=\"twitter:card\" content=\"summary_large_image\" \/>\n<meta name=\"twitter:label1\" content=\"Verfasst von\" \/>\n\t<meta name=\"twitter:data1\" content=\"Marc Niering\" \/>\n\t<meta name=\"twitter:label2\" content=\"Gesch\u00e4tzte Lesezeit\" \/>\n\t<meta name=\"twitter:data2\" content=\"13\u00a0Minuten\" \/>\n<script type=\"application\/ld+json\" class=\"yoast-schema-graph\">{\"@context\":\"https:\\\/\\\/schema.org\",\"@graph\":[{\"@type\":\"Article\",\"@id\":\"https:\\\/\\\/nordicscience.de\\\/institut\\\/blog\\\/tageslicht-in-der-rehabilitation-von-sportverletzungen\\\/#article\",\"isPartOf\":{\"@id\":\"https:\\\/\\\/nordicscience.de\\\/institut\\\/blog\\\/tageslicht-in-der-rehabilitation-von-sportverletzungen\\\/\"},\"author\":{\"name\":\"Marc Niering\",\"@id\":\"https:\\\/\\\/nordicscience.de\\\/institut\\\/#\\\/schema\\\/person\\\/b61b43b4110c845a7c19876741977927\"},\"headline\":\"Kein Titel\",\"datePublished\":\"2024-09-19T19:37:38+00:00\",\"dateModified\":\"2025-06-04T14:12:03+00:00\",\"mainEntityOfPage\":{\"@id\":\"https:\\\/\\\/nordicscience.de\\\/institut\\\/blog\\\/tageslicht-in-der-rehabilitation-von-sportverletzungen\\\/\"},\"wordCount\":11127,\"commentCount\":0,\"publisher\":{\"@id\":\"https:\\\/\\\/nordicscience.de\\\/institut\\\/#organization\"},\"image\":{\"@id\":\"https:\\\/\\\/nordicscience.de\\\/institut\\\/blog\\\/tageslicht-in-der-rehabilitation-von-sportverletzungen\\\/#primaryimage\"},\"thumbnailUrl\":\"https:\\\/\\\/nordicscience.de\\\/institut\\\/wp-content\\\/uploads\\\/2024\\\/09\\\/Tageslicht-in-der-Rehabilitation-von-Sportverletzungen.png\",\"articleSection\":[\"Unkategorisiert\"],\"inLanguage\":\"de\",\"potentialAction\":[{\"@type\":\"CommentAction\",\"name\":\"Comment\",\"target\":[\"https:\\\/\\\/nordicscience.de\\\/institut\\\/blog\\\/tageslicht-in-der-rehabilitation-von-sportverletzungen\\\/#respond\"]}]},{\"@type\":\"WebPage\",\"@id\":\"https:\\\/\\\/nordicscience.de\\\/institut\\\/blog\\\/tageslicht-in-der-rehabilitation-von-sportverletzungen\\\/\",\"url\":\"https:\\\/\\\/nordicscience.de\\\/institut\\\/blog\\\/tageslicht-in-der-rehabilitation-von-sportverletzungen\\\/\",\"name\":\"Der Einfluss von Tageslicht auf Sportverletzungen - Nordic Science Institut f\u00fcr Biomechanik und Neurowissenschaften\",\"isPartOf\":{\"@id\":\"https:\\\/\\\/nordicscience.de\\\/institut\\\/#website\"},\"primaryImageOfPage\":{\"@id\":\"https:\\\/\\\/nordicscience.de\\\/institut\\\/blog\\\/tageslicht-in-der-rehabilitation-von-sportverletzungen\\\/#primaryimage\"},\"image\":{\"@id\":\"https:\\\/\\\/nordicscience.de\\\/institut\\\/blog\\\/tageslicht-in-der-rehabilitation-von-sportverletzungen\\\/#primaryimage\"},\"thumbnailUrl\":\"https:\\\/\\\/nordicscience.de\\\/institut\\\/wp-content\\\/uploads\\\/2024\\\/09\\\/Tageslicht-in-der-Rehabilitation-von-Sportverletzungen.png\",\"datePublished\":\"2024-09-19T19:37:38+00:00\",\"dateModified\":\"2025-06-04T14:12:03+00:00\",\"inLanguage\":\"de\",\"potentialAction\":[{\"@type\":\"ReadAction\",\"target\":[\"https:\\\/\\\/nordicscience.de\\\/institut\\\/blog\\\/tageslicht-in-der-rehabilitation-von-sportverletzungen\\\/\"]}]},{\"@type\":\"ImageObject\",\"inLanguage\":\"de\",\"@id\":\"https:\\\/\\\/nordicscience.de\\\/institut\\\/blog\\\/tageslicht-in-der-rehabilitation-von-sportverletzungen\\\/#primaryimage\",\"url\":\"https:\\\/\\\/nordicscience.de\\\/institut\\\/wp-content\\\/uploads\\\/2024\\\/09\\\/Tageslicht-in-der-Rehabilitation-von-Sportverletzungen.png\",\"contentUrl\":\"https:\\\/\\\/nordicscience.de\\\/institut\\\/wp-content\\\/uploads\\\/2024\\\/09\\\/Tageslicht-in-der-Rehabilitation-von-Sportverletzungen.png\",\"width\":960,\"height\":540},{\"@type\":\"WebSite\",\"@id\":\"https:\\\/\\\/nordicscience.de\\\/institut\\\/#website\",\"url\":\"https:\\\/\\\/nordicscience.de\\\/institut\\\/\",\"name\":\"Nordic Science Institut fuer Biomechanik und Neurowissenschaften\",\"description\":\"Aus- und Weiterbildung in den Bereichen Physiotherapie, Sportwissenschaften, Neurowissenschaften und Medizin\",\"publisher\":{\"@id\":\"https:\\\/\\\/nordicscience.de\\\/institut\\\/#organization\"},\"potentialAction\":[{\"@type\":\"SearchAction\",\"target\":{\"@type\":\"EntryPoint\",\"urlTemplate\":\"https:\\\/\\\/nordicscience.de\\\/institut\\\/?s={search_term_string}\"},\"query-input\":{\"@type\":\"PropertyValueSpecification\",\"valueRequired\":true,\"valueName\":\"search_term_string\"}}],\"inLanguage\":\"de\"},{\"@type\":\"Organization\",\"@id\":\"https:\\\/\\\/nordicscience.de\\\/institut\\\/#organization\",\"name\":\"Nordic Science Institut fuer Biomechanik und Neurowissenschaften\",\"url\":\"https:\\\/\\\/nordicscience.de\\\/institut\\\/\",\"logo\":{\"@type\":\"ImageObject\",\"inLanguage\":\"de\",\"@id\":\"https:\\\/\\\/nordicscience.de\\\/institut\\\/#\\\/schema\\\/logo\\\/image\\\/\",\"url\":\"https:\\\/\\\/nordicscience.de\\\/institut\\\/wp-content\\\/uploads\\\/2023\\\/08\\\/Nordic-Science-color.png\",\"contentUrl\":\"https:\\\/\\\/nordicscience.de\\\/institut\\\/wp-content\\\/uploads\\\/2023\\\/08\\\/Nordic-Science-color.png\",\"width\":1395,\"height\":706,\"caption\":\"Nordic Science Institut fuer Biomechanik und Neurowissenschaften\"},\"image\":{\"@id\":\"https:\\\/\\\/nordicscience.de\\\/institut\\\/#\\\/schema\\\/logo\\\/image\\\/\"},\"sameAs\":[\"https:\\\/\\\/www.facebook.com\\\/nordicscience\",\"https:\\\/\\\/www.instagram.com\\\/nordicscience\",\"https:\\\/\\\/www.linkedin.com\\\/company\\\/nordicscience\"]},{\"@type\":\"Person\",\"@id\":\"https:\\\/\\\/nordicscience.de\\\/institut\\\/#\\\/schema\\\/person\\\/b61b43b4110c845a7c19876741977927\",\"name\":\"Marc Niering\",\"image\":{\"@type\":\"ImageObject\",\"inLanguage\":\"de\",\"@id\":\"https:\\\/\\\/secure.gravatar.com\\\/avatar\\\/edf31c19aac2c91e4469558d4b49a5149048934293f1a7f14340ccb969ccefd6?s=96&d=mm&r=g\",\"url\":\"https:\\\/\\\/secure.gravatar.com\\\/avatar\\\/edf31c19aac2c91e4469558d4b49a5149048934293f1a7f14340ccb969ccefd6?s=96&d=mm&r=g\",\"contentUrl\":\"https:\\\/\\\/secure.gravatar.com\\\/avatar\\\/edf31c19aac2c91e4469558d4b49a5149048934293f1a7f14340ccb969ccefd6?s=96&d=mm&r=g\",\"caption\":\"Marc Niering\"},\"sameAs\":[\"http:\\\/\\\/www.nordicscience.de\"],\"url\":\"https:\\\/\\\/nordicscience.de\\\/institut\\\/blog\\\/author\\\/marc-niering\\\/\"}]}<\/script>\n<!-- \/ Yoast SEO plugin. -->","yoast_head_json":{"title":"Der Einfluss von Tageslicht auf Sportverletzungen - Nordic Science Institut f\u00fcr Biomechanik und Neurowissenschaften","robots":{"index":"index","follow":"follow","max-snippet":"max-snippet:-1","max-image-preview":"max-image-preview:large","max-video-preview":"max-video-preview:-1"},"canonical":"https:\/\/nordicscience.de\/institut\/blog\/tageslicht-in-der-rehabilitation-von-sportverletzungen\/","og_locale":"de_DE","og_type":"article","og_title":"Der Einfluss von Tageslicht auf Sportverletzungen - Nordic Science Institut f\u00fcr Biomechanik und Neurowissenschaften","og_url":"https:\/\/nordicscience.de\/institut\/blog\/tageslicht-in-der-rehabilitation-von-sportverletzungen\/","og_site_name":"Nordic Science Institut f\u00fcr Biomechanik und Neurowissenschaften","article_publisher":"https:\/\/www.facebook.com\/nordicscience","article_published_time":"2024-09-19T19:37:38+00:00","article_modified_time":"2025-06-04T14:12:03+00:00","og_image":[{"width":960,"height":540,"url":"https:\/\/nordicscience.de\/institut\/wp-content\/uploads\/2024\/09\/Tageslicht-in-der-Rehabilitation-von-Sportverletzungen.png","type":"image\/png"}],"author":"Marc Niering","twitter_card":"summary_large_image","twitter_misc":{"Verfasst von":"Marc Niering","Gesch\u00e4tzte Lesezeit":"13\u00a0Minuten"},"schema":{"@context":"https:\/\/schema.org","@graph":[{"@type":"Article","@id":"https:\/\/nordicscience.de\/institut\/blog\/tageslicht-in-der-rehabilitation-von-sportverletzungen\/#article","isPartOf":{"@id":"https:\/\/nordicscience.de\/institut\/blog\/tageslicht-in-der-rehabilitation-von-sportverletzungen\/"},"author":{"name":"Marc Niering","@id":"https:\/\/nordicscience.de\/institut\/#\/schema\/person\/b61b43b4110c845a7c19876741977927"},"headline":"Kein Titel","datePublished":"2024-09-19T19:37:38+00:00","dateModified":"2025-06-04T14:12:03+00:00","mainEntityOfPage":{"@id":"https:\/\/nordicscience.de\/institut\/blog\/tageslicht-in-der-rehabilitation-von-sportverletzungen\/"},"wordCount":11127,"commentCount":0,"publisher":{"@id":"https:\/\/nordicscience.de\/institut\/#organization"},"image":{"@id":"https:\/\/nordicscience.de\/institut\/blog\/tageslicht-in-der-rehabilitation-von-sportverletzungen\/#primaryimage"},"thumbnailUrl":"https:\/\/nordicscience.de\/institut\/wp-content\/uploads\/2024\/09\/Tageslicht-in-der-Rehabilitation-von-Sportverletzungen.png","articleSection":["Unkategorisiert"],"inLanguage":"de","potentialAction":[{"@type":"CommentAction","name":"Comment","target":["https:\/\/nordicscience.de\/institut\/blog\/tageslicht-in-der-rehabilitation-von-sportverletzungen\/#respond"]}]},{"@type":"WebPage","@id":"https:\/\/nordicscience.de\/institut\/blog\/tageslicht-in-der-rehabilitation-von-sportverletzungen\/","url":"https:\/\/nordicscience.de\/institut\/blog\/tageslicht-in-der-rehabilitation-von-sportverletzungen\/","name":"Der Einfluss von Tageslicht auf Sportverletzungen - Nordic Science Institut f\u00fcr Biomechanik und Neurowissenschaften","isPartOf":{"@id":"https:\/\/nordicscience.de\/institut\/#website"},"primaryImageOfPage":{"@id":"https:\/\/nordicscience.de\/institut\/blog\/tageslicht-in-der-rehabilitation-von-sportverletzungen\/#primaryimage"},"image":{"@id":"https:\/\/nordicscience.de\/institut\/blog\/tageslicht-in-der-rehabilitation-von-sportverletzungen\/#primaryimage"},"thumbnailUrl":"https:\/\/nordicscience.de\/institut\/wp-content\/uploads\/2024\/09\/Tageslicht-in-der-Rehabilitation-von-Sportverletzungen.png","datePublished":"2024-09-19T19:37:38+00:00","dateModified":"2025-06-04T14:12:03+00:00","inLanguage":"de","potentialAction":[{"@type":"ReadAction","target":["https:\/\/nordicscience.de\/institut\/blog\/tageslicht-in-der-rehabilitation-von-sportverletzungen\/"]}]},{"@type":"ImageObject","inLanguage":"de","@id":"https:\/\/nordicscience.de\/institut\/blog\/tageslicht-in-der-rehabilitation-von-sportverletzungen\/#primaryimage","url":"https:\/\/nordicscience.de\/institut\/wp-content\/uploads\/2024\/09\/Tageslicht-in-der-Rehabilitation-von-Sportverletzungen.png","contentUrl":"https:\/\/nordicscience.de\/institut\/wp-content\/uploads\/2024\/09\/Tageslicht-in-der-Rehabilitation-von-Sportverletzungen.png","width":960,"height":540},{"@type":"WebSite","@id":"https:\/\/nordicscience.de\/institut\/#website","url":"https:\/\/nordicscience.de\/institut\/","name":"Nordic Science Institut fuer Biomechanik und Neurowissenschaften","description":"Aus- und Weiterbildung in den Bereichen Physiotherapie, Sportwissenschaften, Neurowissenschaften und Medizin","publisher":{"@id":"https:\/\/nordicscience.de\/institut\/#organization"},"potentialAction":[{"@type":"SearchAction","target":{"@type":"EntryPoint","urlTemplate":"https:\/\/nordicscience.de\/institut\/?s={search_term_string}"},"query-input":{"@type":"PropertyValueSpecification","valueRequired":true,"valueName":"search_term_string"}}],"inLanguage":"de"},{"@type":"Organization","@id":"https:\/\/nordicscience.de\/institut\/#organization","name":"Nordic Science Institut fuer Biomechanik und Neurowissenschaften","url":"https:\/\/nordicscience.de\/institut\/","logo":{"@type":"ImageObject","inLanguage":"de","@id":"https:\/\/nordicscience.de\/institut\/#\/schema\/logo\/image\/","url":"https:\/\/nordicscience.de\/institut\/wp-content\/uploads\/2023\/08\/Nordic-Science-color.png","contentUrl":"https:\/\/nordicscience.de\/institut\/wp-content\/uploads\/2023\/08\/Nordic-Science-color.png","width":1395,"height":706,"caption":"Nordic Science Institut fuer Biomechanik und Neurowissenschaften"},"image":{"@id":"https:\/\/nordicscience.de\/institut\/#\/schema\/logo\/image\/"},"sameAs":["https:\/\/www.facebook.com\/nordicscience","https:\/\/www.instagram.com\/nordicscience","https:\/\/www.linkedin.com\/company\/nordicscience"]},{"@type":"Person","@id":"https:\/\/nordicscience.de\/institut\/#\/schema\/person\/b61b43b4110c845a7c19876741977927","name":"Marc Niering","image":{"@type":"ImageObject","inLanguage":"de","@id":"https:\/\/secure.gravatar.com\/avatar\/edf31c19aac2c91e4469558d4b49a5149048934293f1a7f14340ccb969ccefd6?s=96&d=mm&r=g","url":"https:\/\/secure.gravatar.com\/avatar\/edf31c19aac2c91e4469558d4b49a5149048934293f1a7f14340ccb969ccefd6?s=96&d=mm&r=g","contentUrl":"https:\/\/secure.gravatar.com\/avatar\/edf31c19aac2c91e4469558d4b49a5149048934293f1a7f14340ccb969ccefd6?s=96&d=mm&r=g","caption":"Marc Niering"},"sameAs":["http:\/\/www.nordicscience.de"],"url":"https:\/\/nordicscience.de\/institut\/blog\/author\/marc-niering\/"}]}},"_links":{"self":[{"href":"https:\/\/nordicscience.de\/institut\/wp-json\/wp\/v2\/posts\/7115","targetHints":{"allow":["GET"]}}],"collection":[{"href":"https:\/\/nordicscience.de\/institut\/wp-json\/wp\/v2\/posts"}],"about":[{"href":"https:\/\/nordicscience.de\/institut\/wp-json\/wp\/v2\/types\/post"}],"author":[{"embeddable":true,"href":"https:\/\/nordicscience.de\/institut\/wp-json\/wp\/v2\/users\/10"}],"replies":[{"embeddable":true,"href":"https:\/\/nordicscience.de\/institut\/wp-json\/wp\/v2\/comments?post=7115"}],"version-history":[{"count":18,"href":"https:\/\/nordicscience.de\/institut\/wp-json\/wp\/v2\/posts\/7115\/revisions"}],"predecessor-version":[{"id":7629,"href":"https:\/\/nordicscience.de\/institut\/wp-json\/wp\/v2\/posts\/7115\/revisions\/7629"}],"wp:featuredmedia":[{"embeddable":true,"href":"https:\/\/nordicscience.de\/institut\/wp-json\/wp\/v2\/media\/7124"}],"wp:attachment":[{"href":"https:\/\/nordicscience.de\/institut\/wp-json\/wp\/v2\/media?parent=7115"}],"wp:term":[{"taxonomy":"category","embeddable":true,"href":"https:\/\/nordicscience.de\/institut\/wp-json\/wp\/v2\/categories?post=7115"},{"taxonomy":"post_tag","embeddable":true,"href":"https:\/\/nordicscience.de\/institut\/wp-json\/wp\/v2\/tags?post=7115"}],"curies":[{"name":"wp","href":"https:\/\/api.w.org\/{rel}","templated":true}]}}